{"id":107905,"date":"2024-04-03T07:54:47","date_gmt":"2024-04-03T07:54:47","guid":{"rendered":"https:\/\/menorcaventura.es\/a-decade-of-adventures-celebrating-10-years-of-unforgettable-experiences-with-all-of-you\/"},"modified":"2024-07-12T10:39:09","modified_gmt":"2024-07-12T10:39:09","slug":"a-decade-of-adventures-celebrating-10-years-of-unforgettable-experiences-with-all-of-you","status":"publish","type":"post","link":"https:\/\/menorcaventura.es\/en\/a-decade-of-adventures-celebrating-10-years-of-unforgettable-experiences-with-all-of-you\/","title":{"rendered":"A Decade of Adventures: Celebrating 10 Years of Unforgettable Experiences with All of You"},"content":{"rendered":"<p>[et_pb_section fb_built=&#8221;1&#8243; admin_label=&#8221;section&#8221; _builder_version=&#8221;4.16&#8243; global_colors_info=&#8221;{}&#8221; theme_builder_area=&#8221;post_content&#8221; da_is_popup=&#8221;off&#8221; da_exit_intent=&#8221;off&#8221; da_has_close=&#8221;on&#8221; da_alt_close=&#8221;off&#8221; da_dark_close=&#8221;off&#8221; da_not_modal=&#8221;on&#8221; da_is_singular=&#8221;off&#8221; da_with_loader=&#8221;off&#8221; da_has_shadow=&#8221;on&#8221; da_disable_devices=&#8221;off|off|off&#8221;][et_pb_row admin_label=&#8221;row&#8221; _builder_version=&#8221;4.16&#8243; background_size=&#8221;initial&#8221; background_position=&#8221;top_left&#8221; background_repeat=&#8221;repeat&#8221; global_colors_info=&#8221;{}&#8221; theme_builder_area=&#8221;post_content&#8221;][et_pb_column type=&#8221;4_4&#8243; _builder_version=&#8221;4.16&#8243; custom_padding=&#8221;|||&#8221; global_colors_info=&#8221;{}&#8221; custom_padding__hover=&#8221;|||&#8221; theme_builder_area=&#8221;post_content&#8221;][et_pb_text admin_label=&#8221;Text&#8221; _builder_version=&#8221;4.24.0&#8243; background_size=&#8221;initial&#8221; background_position=&#8221;top_left&#8221; background_repeat=&#8221;repeat&#8221; hover_enabled=&#8221;0&#8243; global_colors_info=&#8221;{}&#8221; theme_builder_area=&#8221;post_content&#8221; sticky_enabled=&#8221;0&#8243;]<\/p>\n<p>On the 13th and 14th of April, for the fifth consecutive year MenorcAventura will be at the Tourism, Events and Celebrations Fair organised in Alaior. Visit us at our stand and take part in the draw for 10 free places to enjoy the Cave Route by kayak. Follow us on the social network and you can also participate in the draw through Instagram, which will coincide with the days of the Fair and will take place at the end of it.<\/p>\n<p>Download the fair programme <a href=\"https:\/\/menorcaventura.es\/wp-content\/uploads\/2024\/04\/VII%20Fira%20de%20Turisme%20d'Alaior%20i%20F%C3%B2rum%20Int.%20de%20Turisme.pdf\">here.<\/a><\/p>\n<p><span>In addition<\/span><span>,<\/span> <span class=\"hiddenSpellError\" onkeypress=\"MORFOLOGIK_RULE_ES---#---undefined---#---Se ha encontrado un posible error ortogr\u00e1fico.---#---Menosc\u00e1bentela---#---MenorcAventura\">MenorcAventura<\/span> <span>will participate with a presentation on sustainable tourism at<\/span> <span class=\"hiddenGrammarError\" onkeypress=\"SPACE_UNITIES---#---1---#---Falta un espacio antes de la unidad.---#---18.30\u202fh---#---18.30h\">18.30h.<\/span><span>. and that you are all invited to visit us at the Fair in our <\/span><span class=\"hiddenGrammarError\" onkeypress=\"AI_ES_HYDRA_LEO_MISSING_COMMA---#---undefined---#---Probablemente falta una coma.---#---Stand,---#---Stand\">Stand <\/span> <span> where we will also present the novelty <\/span><span class=\"hiddenGrammarError\" onkeypress=\"INCORRECT_SPACES---#---1---#---Sobra un espacio.---#---2024:---#---2024 :\">2024 :<\/span> <span> the water bike.<\/span><\/p>\n<p>&nbsp;<\/p>\n<p>[\/et_pb_text][\/et_pb_column][\/et_pb_row][\/et_pb_section]<\/p>\n","protected":false},"excerpt":{"rendered":"<p>On the 13th and 14th of April, for the fifth consecutive year MenorcAventura will be at the Tourism, Events and Celebrations Fair organised in Alaior. Visit us at our stand and take part in the draw for 10 free places to enjoy the Cave Route by kayak. Follow us on the social network and you [&hellip;]<\/p>\n","protected":false},"author":3,"featured_media":107935,"comment_status":"open","ping_status":"open","sticky":false,"template":"","format":"standard","meta":{"_et_pb_use_builder":"on","_et_pb_old_content":"","_et_gb_content_width":"","_joinchat":[],"footnotes":""},"categories":[1],"tags":[],"class_list":["post-107905","post","type-post","status-publish","format-standard","has-post-thumbnail","hentry","category-sin-categorizar"],"yoast_head":"<!-- This site is optimized with the Yoast SEO plugin v27.5 - https:\/\/yoast.com\/product\/yoast-seo-wordpress\/ -->\n<title>A Decade of Adventures: Celebrating 10 Years of Unforgettable Experiences with All of You - MENORCAVENTURA<\/title>\n<meta name=\"description\" content=\"Celebrate with us a decade of exciting adventures and shared experiences. Join us on our journey as we look back on 10 years of laughter, learning and growth with all of you.\" \/>\n<meta name=\"robots\" content=\"index, follow, max-snippet:-1, max-image-preview:large, max-video-preview:-1\" \/>\n<link rel=\"canonical\" href=\"https:\/\/menorcaventura.es\/en\/a-decade-of-adventures-celebrating-10-years-of-unforgettable-experiences-with-all-of-you\/\" \/>\n<meta property=\"og:locale\" content=\"en_US\" \/>\n<meta property=\"og:type\" content=\"article\" \/>\n<meta property=\"og:title\" content=\"A Decade of Adventures: Celebrating 10 Years of Unforgettable Experiences with All of You - MENORCAVENTURA\" \/>\n<meta property=\"og:description\" content=\"Celebrate with us a decade of exciting adventures and shared experiences. Join us on our journey as we look back on 10 years of laughter, learning and growth with all of you.\" \/>\n<meta property=\"og:url\" content=\"https:\/\/menorcaventura.es\/en\/a-decade-of-adventures-celebrating-10-years-of-unforgettable-experiences-with-all-of-you\/\" \/>\n<meta property=\"og:site_name\" content=\"MENORCAVENTURA\" \/>\n<meta property=\"article:publisher\" content=\"https:\/\/www.facebook.com\/MenorcAventuraCalanPorter\/?fref=ts\" \/>\n<meta property=\"article:published_time\" content=\"2024-04-03T07:54:47+00:00\" \/>\n<meta property=\"article:modified_time\" content=\"2024-07-12T10:39:09+00:00\" \/>\n<meta property=\"og:image\" content=\"https:\/\/menorcaventura.es\/wp-content\/uploads\/2024\/04\/ANUNCI-FIRA-ALAIOR-2024.jpg\" \/>\n\t<meta property=\"og:image:width\" content=\"1600\" \/>\n\t<meta property=\"og:image:height\" content=\"1600\" \/>\n\t<meta property=\"og:image:type\" content=\"image\/jpeg\" \/>\n<meta name=\"author\" content=\"Sandra\" \/>\n<meta name=\"twitter:card\" content=\"summary_large_image\" \/>\n<meta name=\"twitter:label1\" content=\"Written by\" \/>\n\t<meta name=\"twitter:data1\" content=\"Sandra\" \/>\n\t<meta name=\"twitter:label2\" content=\"Est. reading time\" \/>\n\t<meta name=\"twitter:data2\" content=\"1 minute\" \/>\n<script type=\"application\/ld+json\" class=\"yoast-schema-graph\">{\"@context\":\"https:\\\/\\\/schema.org\",\"@graph\":[{\"@type\":\"Article\",\"@id\":\"https:\\\/\\\/menorcaventura.es\\\/en\\\/a-decade-of-adventures-celebrating-10-years-of-unforgettable-experiences-with-all-of-you\\\/#article\",\"isPartOf\":{\"@id\":\"https:\\\/\\\/menorcaventura.es\\\/en\\\/a-decade-of-adventures-celebrating-10-years-of-unforgettable-experiences-with-all-of-you\\\/\"},\"author\":{\"name\":\"Sandra\",\"@id\":\"https:\\\/\\\/menorcaventura.es\\\/en\\\/#\\\/schema\\\/person\\\/9871d9deac7a87249a8953ade9d85817\"},\"headline\":\"A Decade of Adventures: Celebrating 10 Years of Unforgettable Experiences with All of You\",\"datePublished\":\"2024-04-03T07:54:47+00:00\",\"dateModified\":\"2024-07-12T10:39:09+00:00\",\"mainEntityOfPage\":{\"@id\":\"https:\\\/\\\/menorcaventura.es\\\/en\\\/a-decade-of-adventures-celebrating-10-years-of-unforgettable-experiences-with-all-of-you\\\/\"},\"wordCount\":284,\"commentCount\":0,\"publisher\":{\"@id\":\"https:\\\/\\\/menorcaventura.es\\\/en\\\/#organization\"},\"image\":{\"@id\":\"https:\\\/\\\/menorcaventura.es\\\/en\\\/a-decade-of-adventures-celebrating-10-years-of-unforgettable-experiences-with-all-of-you\\\/#primaryimage\"},\"thumbnailUrl\":\"https:\\\/\\\/menorcaventura.es\\\/wp-content\\\/uploads\\\/2024\\\/04\\\/ANUNCI-FIRA-ALAIOR-2024.jpg\",\"articleSection\":[\"Sin categorizar\"],\"inLanguage\":\"en-US\",\"potentialAction\":[{\"@type\":\"CommentAction\",\"name\":\"Comment\",\"target\":[\"https:\\\/\\\/menorcaventura.es\\\/en\\\/a-decade-of-adventures-celebrating-10-years-of-unforgettable-experiences-with-all-of-you\\\/#respond\"]}]},{\"@type\":\"WebPage\",\"@id\":\"https:\\\/\\\/menorcaventura.es\\\/en\\\/a-decade-of-adventures-celebrating-10-years-of-unforgettable-experiences-with-all-of-you\\\/\",\"url\":\"https:\\\/\\\/menorcaventura.es\\\/en\\\/a-decade-of-adventures-celebrating-10-years-of-unforgettable-experiences-with-all-of-you\\\/\",\"name\":\"A Decade of Adventures: Celebrating 10 Years of Unforgettable Experiences with All of You - MENORCAVENTURA\",\"isPartOf\":{\"@id\":\"https:\\\/\\\/menorcaventura.es\\\/en\\\/#website\"},\"primaryImageOfPage\":{\"@id\":\"https:\\\/\\\/menorcaventura.es\\\/en\\\/a-decade-of-adventures-celebrating-10-years-of-unforgettable-experiences-with-all-of-you\\\/#primaryimage\"},\"image\":{\"@id\":\"https:\\\/\\\/menorcaventura.es\\\/en\\\/a-decade-of-adventures-celebrating-10-years-of-unforgettable-experiences-with-all-of-you\\\/#primaryimage\"},\"thumbnailUrl\":\"https:\\\/\\\/menorcaventura.es\\\/wp-content\\\/uploads\\\/2024\\\/04\\\/ANUNCI-FIRA-ALAIOR-2024.jpg\",\"datePublished\":\"2024-04-03T07:54:47+00:00\",\"dateModified\":\"2024-07-12T10:39:09+00:00\",\"description\":\"Celebrate with us a decade of exciting adventures and shared experiences. Join us on our journey as we look back on 10 years of laughter, learning and growth with all of you.\",\"breadcrumb\":{\"@id\":\"https:\\\/\\\/menorcaventura.es\\\/en\\\/a-decade-of-adventures-celebrating-10-years-of-unforgettable-experiences-with-all-of-you\\\/#breadcrumb\"},\"inLanguage\":\"en-US\",\"potentialAction\":[{\"@type\":\"ReadAction\",\"target\":[\"https:\\\/\\\/menorcaventura.es\\\/en\\\/a-decade-of-adventures-celebrating-10-years-of-unforgettable-experiences-with-all-of-you\\\/\"]}]},{\"@type\":\"ImageObject\",\"inLanguage\":\"en-US\",\"@id\":\"https:\\\/\\\/menorcaventura.es\\\/en\\\/a-decade-of-adventures-celebrating-10-years-of-unforgettable-experiences-with-all-of-you\\\/#primaryimage\",\"url\":\"https:\\\/\\\/menorcaventura.es\\\/wp-content\\\/uploads\\\/2024\\\/04\\\/ANUNCI-FIRA-ALAIOR-2024.jpg\",\"contentUrl\":\"https:\\\/\\\/menorcaventura.es\\\/wp-content\\\/uploads\\\/2024\\\/04\\\/ANUNCI-FIRA-ALAIOR-2024.jpg\",\"width\":1600,\"height\":1600,\"caption\":\"imagen de la feria de alaior\"},{\"@type\":\"BreadcrumbList\",\"@id\":\"https:\\\/\\\/menorcaventura.es\\\/en\\\/a-decade-of-adventures-celebrating-10-years-of-unforgettable-experiences-with-all-of-you\\\/#breadcrumb\",\"itemListElement\":[{\"@type\":\"ListItem\",\"position\":1,\"name\":\"Portada\",\"item\":\"https:\\\/\\\/menorcaventura.es\\\/en\\\/\"},{\"@type\":\"ListItem\",\"position\":2,\"name\":\"A Decade of Adventures: Celebrating 10 Years of Unforgettable Experiences with All of You\"}]},{\"@type\":\"WebSite\",\"@id\":\"https:\\\/\\\/menorcaventura.es\\\/en\\\/#website\",\"url\":\"https:\\\/\\\/menorcaventura.es\\\/en\\\/\",\"name\":\"MENORCAVENTURA\",\"description\":\"MenorcAventura cuenta con m\u00e1s de diez a\u00f1os de experiencia en actividades n\u00e1uticas y en el medio natural, tales como paseos en barca, rutas y traves\u00edas en kayak, paddle surf, SUPYoga, senderismo, bicicleta de monta\u00f1a, entre otras opciones. Somos especialistas en la gesti\u00f3n de grupos y en la organizaci\u00f3n de experiencias \u201ca medida\u201d.\",\"publisher\":{\"@id\":\"https:\\\/\\\/menorcaventura.es\\\/en\\\/#organization\"},\"alternateName\":\"Menorcaventura\",\"potentialAction\":[{\"@type\":\"SearchAction\",\"target\":{\"@type\":\"EntryPoint\",\"urlTemplate\":\"https:\\\/\\\/menorcaventura.es\\\/en\\\/?s={search_term_string}\"},\"query-input\":{\"@type\":\"PropertyValueSpecification\",\"valueRequired\":true,\"valueName\":\"search_term_string\"}}],\"inLanguage\":\"en-US\"},{\"@type\":\"Organization\",\"@id\":\"https:\\\/\\\/menorcaventura.es\\\/en\\\/#organization\",\"name\":\"MENORCAVENTURA\",\"url\":\"https:\\\/\\\/menorcaventura.es\\\/en\\\/\",\"logo\":{\"@type\":\"ImageObject\",\"inLanguage\":\"en-US\",\"@id\":\"https:\\\/\\\/menorcaventura.es\\\/en\\\/#\\\/schema\\\/logo\\\/image\\\/\",\"url\":\"https:\\\/\\\/menorcaventura.es\\\/wp-content\\\/uploads\\\/2023\\\/05\\\/menorcavebtura-logo-sinletras.webp\",\"contentUrl\":\"https:\\\/\\\/menorcaventura.es\\\/wp-content\\\/uploads\\\/2023\\\/05\\\/menorcavebtura-logo-sinletras.webp\",\"width\":250,\"height\":294,\"caption\":\"MENORCAVENTURA\"},\"image\":{\"@id\":\"https:\\\/\\\/menorcaventura.es\\\/en\\\/#\\\/schema\\\/logo\\\/image\\\/\"},\"sameAs\":[\"https:\\\/\\\/www.facebook.com\\\/MenorcAventuraCalanPorter\\\/?fref=ts\",\"https:\\\/\\\/www.instagram.com\\\/menorcaventura\\\/\"]},{\"@type\":\"Person\",\"@id\":\"https:\\\/\\\/menorcaventura.es\\\/en\\\/#\\\/schema\\\/person\\\/9871d9deac7a87249a8953ade9d85817\",\"name\":\"Sandra\",\"image\":{\"@type\":\"ImageObject\",\"inLanguage\":\"en-US\",\"@id\":\"https:\\\/\\\/secure.gravatar.com\\\/avatar\\\/4eb1877f8d9fecebd242e07c80c9503bb96d76d0b8579015df143cf05e7bf3db?s=96&d=mm&r=g\",\"url\":\"https:\\\/\\\/secure.gravatar.com\\\/avatar\\\/4eb1877f8d9fecebd242e07c80c9503bb96d76d0b8579015df143cf05e7bf3db?s=96&d=mm&r=g\",\"contentUrl\":\"https:\\\/\\\/secure.gravatar.com\\\/avatar\\\/4eb1877f8d9fecebd242e07c80c9503bb96d76d0b8579015df143cf05e7bf3db?s=96&d=mm&r=g\",\"caption\":\"Sandra\"},\"url\":\"https:\\\/\\\/menorcaventura.es\\\/en\\\/author\\\/sandra\\\/\"}]}<\/script>\n<!-- \/ Yoast SEO plugin. -->","yoast_head_json":{"title":"A Decade of Adventures: Celebrating 10 Years of Unforgettable Experiences with All of You - MENORCAVENTURA","description":"Celebrate with us a decade of exciting adventures and shared experiences. Join us on our journey as we look back on 10 years of laughter, learning and growth with all of you.","robots":{"index":"index","follow":"follow","max-snippet":"max-snippet:-1","max-image-preview":"max-image-preview:large","max-video-preview":"max-video-preview:-1"},"canonical":"https:\/\/menorcaventura.es\/en\/a-decade-of-adventures-celebrating-10-years-of-unforgettable-experiences-with-all-of-you\/","og_locale":"en_US","og_type":"article","og_title":"A Decade of Adventures: Celebrating 10 Years of Unforgettable Experiences with All of You - MENORCAVENTURA","og_description":"Celebrate with us a decade of exciting adventures and shared experiences. Join us on our journey as we look back on 10 years of laughter, learning and growth with all of you.","og_url":"https:\/\/menorcaventura.es\/en\/a-decade-of-adventures-celebrating-10-years-of-unforgettable-experiences-with-all-of-you\/","og_site_name":"MENORCAVENTURA","article_publisher":"https:\/\/www.facebook.com\/MenorcAventuraCalanPorter\/?fref=ts","article_published_time":"2024-04-03T07:54:47+00:00","article_modified_time":"2024-07-12T10:39:09+00:00","og_image":[{"width":1600,"height":1600,"url":"https:\/\/menorcaventura.es\/wp-content\/uploads\/2024\/04\/ANUNCI-FIRA-ALAIOR-2024.jpg","type":"image\/jpeg"}],"author":"Sandra","twitter_card":"summary_large_image","twitter_misc":{"Written by":"Sandra","Est. reading time":"1 minute"},"schema":{"@context":"https:\/\/schema.org","@graph":[{"@type":"Article","@id":"https:\/\/menorcaventura.es\/en\/a-decade-of-adventures-celebrating-10-years-of-unforgettable-experiences-with-all-of-you\/#article","isPartOf":{"@id":"https:\/\/menorcaventura.es\/en\/a-decade-of-adventures-celebrating-10-years-of-unforgettable-experiences-with-all-of-you\/"},"author":{"name":"Sandra","@id":"https:\/\/menorcaventura.es\/en\/#\/schema\/person\/9871d9deac7a87249a8953ade9d85817"},"headline":"A Decade of Adventures: Celebrating 10 Years of Unforgettable Experiences with All of You","datePublished":"2024-04-03T07:54:47+00:00","dateModified":"2024-07-12T10:39:09+00:00","mainEntityOfPage":{"@id":"https:\/\/menorcaventura.es\/en\/a-decade-of-adventures-celebrating-10-years-of-unforgettable-experiences-with-all-of-you\/"},"wordCount":284,"commentCount":0,"publisher":{"@id":"https:\/\/menorcaventura.es\/en\/#organization"},"image":{"@id":"https:\/\/menorcaventura.es\/en\/a-decade-of-adventures-celebrating-10-years-of-unforgettable-experiences-with-all-of-you\/#primaryimage"},"thumbnailUrl":"https:\/\/menorcaventura.es\/wp-content\/uploads\/2024\/04\/ANUNCI-FIRA-ALAIOR-2024.jpg","articleSection":["Sin categorizar"],"inLanguage":"en-US","potentialAction":[{"@type":"CommentAction","name":"Comment","target":["https:\/\/menorcaventura.es\/en\/a-decade-of-adventures-celebrating-10-years-of-unforgettable-experiences-with-all-of-you\/#respond"]}]},{"@type":"WebPage","@id":"https:\/\/menorcaventura.es\/en\/a-decade-of-adventures-celebrating-10-years-of-unforgettable-experiences-with-all-of-you\/","url":"https:\/\/menorcaventura.es\/en\/a-decade-of-adventures-celebrating-10-years-of-unforgettable-experiences-with-all-of-you\/","name":"A Decade of Adventures: Celebrating 10 Years of Unforgettable Experiences with All of You - MENORCAVENTURA","isPartOf":{"@id":"https:\/\/menorcaventura.es\/en\/#website"},"primaryImageOfPage":{"@id":"https:\/\/menorcaventura.es\/en\/a-decade-of-adventures-celebrating-10-years-of-unforgettable-experiences-with-all-of-you\/#primaryimage"},"image":{"@id":"https:\/\/menorcaventura.es\/en\/a-decade-of-adventures-celebrating-10-years-of-unforgettable-experiences-with-all-of-you\/#primaryimage"},"thumbnailUrl":"https:\/\/menorcaventura.es\/wp-content\/uploads\/2024\/04\/ANUNCI-FIRA-ALAIOR-2024.jpg","datePublished":"2024-04-03T07:54:47+00:00","dateModified":"2024-07-12T10:39:09+00:00","description":"Celebrate with us a decade of exciting adventures and shared experiences. Join us on our journey as we look back on 10 years of laughter, learning and growth with all of you.","breadcrumb":{"@id":"https:\/\/menorcaventura.es\/en\/a-decade-of-adventures-celebrating-10-years-of-unforgettable-experiences-with-all-of-you\/#breadcrumb"},"inLanguage":"en-US","potentialAction":[{"@type":"ReadAction","target":["https:\/\/menorcaventura.es\/en\/a-decade-of-adventures-celebrating-10-years-of-unforgettable-experiences-with-all-of-you\/"]}]},{"@type":"ImageObject","inLanguage":"en-US","@id":"https:\/\/menorcaventura.es\/en\/a-decade-of-adventures-celebrating-10-years-of-unforgettable-experiences-with-all-of-you\/#primaryimage","url":"https:\/\/menorcaventura.es\/wp-content\/uploads\/2024\/04\/ANUNCI-FIRA-ALAIOR-2024.jpg","contentUrl":"https:\/\/menorcaventura.es\/wp-content\/uploads\/2024\/04\/ANUNCI-FIRA-ALAIOR-2024.jpg","width":1600,"height":1600,"caption":"imagen de la feria de alaior"},{"@type":"BreadcrumbList","@id":"https:\/\/menorcaventura.es\/en\/a-decade-of-adventures-celebrating-10-years-of-unforgettable-experiences-with-all-of-you\/#breadcrumb","itemListElement":[{"@type":"ListItem","position":1,"name":"Portada","item":"https:\/\/menorcaventura.es\/en\/"},{"@type":"ListItem","position":2,"name":"A Decade of Adventures: Celebrating 10 Years of Unforgettable Experiences with All of You"}]},{"@type":"WebSite","@id":"https:\/\/menorcaventura.es\/en\/#website","url":"https:\/\/menorcaventura.es\/en\/","name":"MENORCAVENTURA","description":"MenorcAventura cuenta con m\u00e1s de diez a\u00f1os de experiencia en actividades n\u00e1uticas y en el medio natural, tales como paseos en barca, rutas y traves\u00edas en kayak, paddle surf, SUPYoga, senderismo, bicicleta de monta\u00f1a, entre otras opciones. Somos especialistas en la gesti\u00f3n de grupos y en la organizaci\u00f3n de experiencias \u201ca medida\u201d.","publisher":{"@id":"https:\/\/menorcaventura.es\/en\/#organization"},"alternateName":"Menorcaventura","potentialAction":[{"@type":"SearchAction","target":{"@type":"EntryPoint","urlTemplate":"https:\/\/menorcaventura.es\/en\/?s={search_term_string}"},"query-input":{"@type":"PropertyValueSpecification","valueRequired":true,"valueName":"search_term_string"}}],"inLanguage":"en-US"},{"@type":"Organization","@id":"https:\/\/menorcaventura.es\/en\/#organization","name":"MENORCAVENTURA","url":"https:\/\/menorcaventura.es\/en\/","logo":{"@type":"ImageObject","inLanguage":"en-US","@id":"https:\/\/menorcaventura.es\/en\/#\/schema\/logo\/image\/","url":"https:\/\/menorcaventura.es\/wp-content\/uploads\/2023\/05\/menorcavebtura-logo-sinletras.webp","contentUrl":"https:\/\/menorcaventura.es\/wp-content\/uploads\/2023\/05\/menorcavebtura-logo-sinletras.webp","width":250,"height":294,"caption":"MENORCAVENTURA"},"image":{"@id":"https:\/\/menorcaventura.es\/en\/#\/schema\/logo\/image\/"},"sameAs":["https:\/\/www.facebook.com\/MenorcAventuraCalanPorter\/?fref=ts","https:\/\/www.instagram.com\/menorcaventura\/"]},{"@type":"Person","@id":"https:\/\/menorcaventura.es\/en\/#\/schema\/person\/9871d9deac7a87249a8953ade9d85817","name":"Sandra","image":{"@type":"ImageObject","inLanguage":"en-US","@id":"https:\/\/secure.gravatar.com\/avatar\/4eb1877f8d9fecebd242e07c80c9503bb96d76d0b8579015df143cf05e7bf3db?s=96&d=mm&r=g","url":"https:\/\/secure.gravatar.com\/avatar\/4eb1877f8d9fecebd242e07c80c9503bb96d76d0b8579015df143cf05e7bf3db?s=96&d=mm&r=g","contentUrl":"https:\/\/secure.gravatar.com\/avatar\/4eb1877f8d9fecebd242e07c80c9503bb96d76d0b8579015df143cf05e7bf3db?s=96&d=mm&r=g","caption":"Sandra"},"url":"https:\/\/menorcaventura.es\/en\/author\/sandra\/"}]}},"_links":{"self":[{"href":"https:\/\/menorcaventura.es\/en\/wp-json\/wp\/v2\/posts\/107905","targetHints":{"allow":["GET"]}}],"collection":[{"href":"https:\/\/menorcaventura.es\/en\/wp-json\/wp\/v2\/posts"}],"about":[{"href":"https:\/\/menorcaventura.es\/en\/wp-json\/wp\/v2\/types\/post"}],"author":[{"embeddable":true,"href":"https:\/\/menorcaventura.es\/en\/wp-json\/wp\/v2\/users\/3"}],"replies":[{"embeddable":true,"href":"https:\/\/menorcaventura.es\/en\/wp-json\/wp\/v2\/comments?post=107905"}],"version-history":[{"count":3,"href":"https:\/\/menorcaventura.es\/en\/wp-json\/wp\/v2\/posts\/107905\/revisions"}],"predecessor-version":[{"id":108663,"href":"https:\/\/menorcaventura.es\/en\/wp-json\/wp\/v2\/posts\/107905\/revisions\/108663"}],"wp:featuredmedia":[{"embeddable":true,"href":"https:\/\/menorcaventura.es\/en\/wp-json\/wp\/v2\/media\/107935"}],"wp:attachment":[{"href":"https:\/\/menorcaventura.es\/en\/wp-json\/wp\/v2\/media?parent=107905"}],"wp:term":[{"taxonomy":"category","embeddable":true,"href":"https:\/\/menorcaventura.es\/en\/wp-json\/wp\/v2\/categories?post=107905"},{"taxonomy":"post_tag","embeddable":true,"href":"https:\/\/menorcaventura.es\/en\/wp-json\/wp\/v2\/tags?post=107905"}],"curies":[{"name":"wp","href":"https:\/\/api.w.org\/{rel}","templated":true}]}}